{"id":890,"date":"2022-01-03T13:56:00","date_gmt":"2022-01-03T13:56:00","guid":{"rendered":"http:\/\/socialmedify.co\/?p=890"},"modified":"2022-12-06T07:16:10","modified_gmt":"2022-12-06T07:16:10","slug":"instashop-nedir-nasil-kurulur","status":"publish","type":"post","link":"https:\/\/socialmedify.co\/sosyal-medya-yonetimi\/instashop-nedir-nasil-kurulur\/","title":{"rendered":"InstaShop nedir? \u0131nstagram ma\u011faza butonu"},"content":{"rendered":"\t\t<div data-elementor-type=\"wp-post\" data-elementor-id=\"890\" class=\"elementor elementor-890\" data-elementor-settings=\"[]\">\n\t\t\t\t\t\t<div class=\"elementor-inner\">\n\t\t\t\t\t\t\t<div class=\"elementor-section-wrap\">\n\t\t\t\t\t\t\t<section class=\"elementor-section elementor-top-section elementor-element elementor-element-470ebb9d elementor-section-boxed elementor-section-height-default elementor-section-height-default\" data-id=\"470ebb9d\" data-element_type=\"section\">\n\t\t\t\t\t\t<div class=\"elementor-container elementor-column-gap-default\">\n\t\t\t\t\t\t\t<div class=\"elementor-row\">\n\t\t\t\t\t<div class=\"elementor-column elementor-col-100 elementor-top-column elementor-element elementor-element-21827985\" data-id=\"21827985\" data-element_type=\"column\">\n\t\t\t<div class=\"elementor-column-wrap elementor-element-populated\">\n\t\t\t\t\t\t\t<div class=\"elementor-widget-wrap\">\n\t\t\t\t\t\t<div class=\"elementor-element elementor-element-a012b99 elementor-align-center elementor-widget elementor-widget-button\" data-id=\"a012b99\" data-element_type=\"widget\" data-widget_type=\"button.default\">\n\t\t\t\t<div class=\"elementor-widget-container\">\n\t\t\t\t\t<div class=\"elementor-button-wrapper\">\n\t\t\t<a href=\"https:\/\/socialmedify.co\/sosyal-medya-yonetimi\/sosyal-medya-yonetimi-fiyatlari\/\" class=\"elementor-button-link elementor-button elementor-size-xl\" role=\"button\">\n\t\t\t\t\t\t<span class=\"elementor-button-content-wrapper\">\n\t\t\t\t\t\t<span class=\"elementor-button-text\">Sosyal Medya Y\u00f6netimi Fiyatlar\u0131 i\u00e7in T\u0131klay\u0131n<\/span>\n\t\t<\/span>\n\t\t\t\t\t<\/a>\n\t\t<\/div>\n\t\t\t\t<\/div>\n\t\t\t\t<\/div>\n\t\t\t\t<div class=\"elementor-element elementor-element-ede520b elementor-button-success elementor-align-center elementor-invisible elementor-widget elementor-widget-button\" data-id=\"ede520b\" data-element_type=\"widget\" data-settings=\"{&quot;_animation&quot;:&quot;wobble&quot;}\" data-widget_type=\"button.default\">\n\t\t\t\t<div class=\"elementor-widget-container\">\n\t\t\t\t\t<div class=\"elementor-button-wrapper\">\n\t\t\t<a href=\"http:\/\/www.influencerbul.com\/\" target=\"_blank\" class=\"elementor-button-link elementor-button elementor-size-sm\" role=\"button\">\n\t\t\t\t\t\t<span class=\"elementor-button-content-wrapper\">\n\t\t\t\t\t\t<span class=\"elementor-button-text\">influencerbul'da \u00dccretsiz \u0130lan ver<\/span>\n\t\t<\/span>\n\t\t\t\t\t<\/a>\n\t\t<\/div>\n\t\t\t\t<\/div>\n\t\t\t\t<\/div>\n\t\t\t\t<div class=\"elementor-element elementor-element-41e78e67 elementor-widget elementor-widget-text-editor\" data-id=\"41e78e67\" data-element_type=\"widget\" data-widget_type=\"text-editor.default\">\n\t\t\t\t<div class=\"elementor-widget-container\">\n\t\t\t\t\t\t\t\t<div class=\"elementor-text-editor elementor-clearfix\">\n\t\t\t\t<p><!-- wp:paragraph --><\/p>\n<p>Instashop yani instagram ma\u011faza butonu art\u0131k T\u00fcrkiye&#8217;de aktif!<\/p>\n<p><!-- \/wp:paragraph --><!-- wp:paragraph --><\/p>\n<p>Instagram al\u0131\u015fveri\u015f \u00f6zelli\u011fi ile katalo\u011funuzda bulunan \u00fcr\u00fcnleri kendi profilinize entegre edebilir, profilinizi ziyaret eden kullan\u0131c\u0131lara do\u011frudan tan\u0131t\u0131m yapar ve i\u015finizi b\u00fcy\u00fcterek gelirinizi y\u00fckseltebilirsiniz. Instagram kullan\u0131c\u0131 say\u0131s\u0131 dikkate al\u0131nd\u0131\u011f\u0131nda ve bu geni\u015f \u00e7apl\u0131 kullan\u0131c\u0131 kitlesinin her g\u00fcn i\u015fletme sayfalar\u0131n\u0131 ziyaret etti\u011fi ger\u00e7e\u011fi d\u00fc\u015f\u00fcn\u00fcld\u00fc\u011f\u00fcnde, &nbsp;InstaShop \u00f6zelli\u011finin ticaretinize ne kadar \u00f6nemli \u00f6l\u00e7\u00fcde etki edece\u011fini g\u00f6rm\u00fc\u015f oluyoruz asl\u0131nda..<\/p><p>\u0130nstagram ma\u011faza butonu nas\u0131l aktif edilir?<\/p>\n<p><!-- \/wp:paragraph --><!-- wp:paragraph --><\/p>\n<p><a href=\"https:\/\/socialmedify.co\/contact\/\">Instashop kurulum deste\u011fi i\u00e7in t\u0131klay\u0131n<\/a>.<\/p>\n<p>Sosyal medya paketleri ve fiyatlar\u0131na <a href=\"https:\/\/socialmedify.co\/sosyal-medya-yonetimi\/sosyal-medya-yonetimi-fiyatlari\/\">buradan ula\u015fabilirsiniz.<\/a><\/p>\n<p><!-- \/wp:paragraph --><!-- wp:gallery {\"ids\":[893]} --><\/p>\n<figure class=\"wp-block-gallery columns-1 is-cropped\">\n<ul class=\"blocks-gallery-grid\">\n<li class=\"blocks-gallery-item\">\n<figure><img loading=\"lazy\" decoding=\"async\" width=\"1024\" height=\"577\" class=\"wp-image-893\" src=\"https:\/\/socialmedify.co\/wp-content\/uploads\/2019\/12\/instagram-shopping.jpg\" alt=\"\" data-id=\"893\" data-full-url=\"https:\/\/socialmedify.co\/wp-content\/uploads\/2019\/12\/instagram-shopping.jpg\" data-link=\"https:\/\/socialmedify.co\/?attachment_id=893\" srcset=\"https:\/\/socialmedify.co\/wp-content\/uploads\/2019\/12\/instagram-shopping.jpg 1024w, https:\/\/socialmedify.co\/wp-content\/uploads\/2019\/12\/instagram-shopping-600x338.jpg 600w, https:\/\/socialmedify.co\/wp-content\/uploads\/2019\/12\/instagram-shopping-300x169.jpg 300w, https:\/\/socialmedify.co\/wp-content\/uploads\/2019\/12\/instagram-shopping-768x433.jpg 768w\" sizes=\"(max-width: 1024px) 100vw, 1024px\" \/><\/figure>\n<\/li>\n<\/ul>\n<\/figure>\n<p><!-- \/wp:gallery --><!-- wp:paragraph --><\/p>\n<p><strong>InstaShop, instagram ma\u011faza butonu tam olarak nedir, nas\u0131l aktif hale getirilir ve nas\u0131l i\u015fimizi b\u00fcy\u00fct\u00fcr ?<\/strong><\/p>\n<p><!-- \/wp:paragraph --><!-- wp:paragraph --><\/p>\n<p>Sosyal medyan\u0131n yeni heyecan\u0131 Instagram al\u0131\u015fveri\u015f \u00f6zelli\u011fi, \u00fclkemizde aktif oldu\u011fu andan itibaren yo\u011fun bir ilgiyle kar\u015f\u0131 kar\u015f\u0131ya kald\u0131 ve i\u015fini, gelirini b\u00fcy\u00fctmek isteyen, Instagram \u00fczerinde sat\u0131\u015f yapan b\u00fcy\u00fck k\u00fc\u00e7\u00fck t\u00fcm markalar\u0131n g\u00f6zdesi haline geldi. Facebook katalo\u011funa entegre olarak hizmet veren al\u0131\u015fveri\u015f \u00f6zelli\u011fi, \u00fcr\u00fcnlerinizi hikaye b\u00f6l\u00fcm\u00fcnde, ke\u015ffet alan\u0131nda, hatta profilinizde bulunan \u00f6zel bir sekmede tan\u0131tman\u0131za, detayl\u0131 bir \u015fekilde fiyatland\u0131rman\u0131za ve sat\u0131\u015f yapman\u0131za olanak sa\u011fl\u0131yor. Tabi bu \u00f6zellik aktif hale getirilmesi gereken, onay al\u0131nma s\u00fcrecinden ge\u00e7en karma\u015f\u0131k bir i\u015flem grubundan sonra kullan\u0131labiliyor.<\/p>\n<p><!-- \/wp:paragraph --><!-- wp:paragraph --><\/p>\n<p>Social Medify ekibi olarak, bu karma\u015f\u0131k s\u00fcre\u00e7 i\u00e7in size yard\u0131mc\u0131 olmaya \u00e7al\u0131\u015faca\u011f\u0131z.<\/p>\n<p><!-- \/wp:paragraph --><!-- wp:gallery {\"ids\":[895]} --><\/p>\n<figure class=\"wp-block-gallery columns-1 is-cropped\">\n<ul class=\"blocks-gallery-grid\">\n<li class=\"blocks-gallery-item\">\n<figure><img loading=\"lazy\" decoding=\"async\" width=\"1024\" height=\"682\" class=\"wp-image-895\" src=\"https:\/\/socialmedify.co\/wp-content\/uploads\/2019\/12\/ig-1024x682.jpg\" alt=\"\" data-id=\"895\" data-full-url=\"https:\/\/socialmedify.co\/wp-content\/uploads\/2019\/12\/ig.jpg\" data-link=\"https:\/\/socialmedify.co\/?attachment_id=895\" srcset=\"https:\/\/socialmedify.co\/wp-content\/uploads\/2019\/12\/ig-1024x682.jpg 1024w, https:\/\/socialmedify.co\/wp-content\/uploads\/2019\/12\/ig-600x400.jpg 600w, https:\/\/socialmedify.co\/wp-content\/uploads\/2019\/12\/ig-300x200.jpg 300w, https:\/\/socialmedify.co\/wp-content\/uploads\/2019\/12\/ig-768x512.jpg 768w, https:\/\/socialmedify.co\/wp-content\/uploads\/2019\/12\/ig.jpg 1100w\" sizes=\"(max-width: 1024px) 100vw, 1024px\" \/><\/figure>\n<\/li>\n<\/ul>\n<\/figure>\n<p><!-- \/wp:gallery --><!-- wp:paragraph --><\/p>\n<p>\u00d6ncelikle bir Facebook katalo\u011fumuzun olmas\u0131 gerekiyor. Facebook katalo\u011fu konusunda destek almak i\u00e7in ilgili makalemizi okuyabilirsiniz. Facebook katalo\u011funuz ile Instagram hesab\u0131n\u0131z\u0131n entegrasyonu i\u00e7in a\u015fa\u011f\u0131daki ad\u0131mlar\u0131 takip ediyoruz.<\/p>\n<p><!-- \/wp:paragraph --><!-- wp:list --><\/p>\n<ul>\n<li>Facebook i\u015fletme sayfan\u0131za ma\u011faza b\u00f6l\u00fcm\u00fcne giri\u015f yap\u0131n.<\/li>\n<li>\u0130\u015fletme bilgilerinizi tamamlay\u0131n.<\/li>\n<li>\u00d6deme y\u00f6nteminden sonra profilinize ba\u011fl\u0131 e-posta adresinizle giri\u015f yap\u0131n.<\/li>\n<li>Para birimi se\u00e7imi tek seferlik yap\u0131l\u0131r, daha sonra de\u011fi\u015ftiremezsiniz.<\/li>\n<li>Vergi tescil bilgilerinizi doldurup formu tamamlay\u0131n.<\/li>\n<\/ul>\n<p><!-- \/wp:list --><!-- wp:paragraph --><\/p>\n<p>Entegrasyon tamamland\u0131ktan sonra, hesab\u0131n\u0131z otomatik olarak onay s\u00fcrecine al\u0131nacak, talebiniz g\u00f6zden ge\u00e7irilecektir. &nbsp;Katalo\u011fun onaylanmas\u0131, hesab\u0131n onaylanmas\u0131 bir ka\u00e7 g\u00fcn s\u00fcrecektir.<\/p>\n<p><!-- \/wp:paragraph --><!-- wp:paragraph --><\/p>\n<p>Instagram al\u0131\u015fveri\u015f \u00f6zelli\u011fi talebiniz onayland\u0131\u011f\u0131nda art\u0131k \u00fcr\u00fcnlerinizi etiketleyebilecek, sat\u0131\u015f yapmaya ba\u015flayacaks\u0131n\u0131z fakat \u00f6ncesinde kontrol etmeniz gereken baz\u0131 detaylar var. Hem katalo\u011funuzun hem de hesab\u0131n\u0131z\u0131n onayland\u0131\u011f\u0131na ve uygulaman\u0131n en g\u00fcncel s\u00fcr\u00fcm\u00fcn\u00fc kulland\u0131\u011f\u0131n\u0131za emin olduktan sonra etiket i\u015flemine ba\u015flayabilirsiniz.<\/p>\n<p><!-- \/wp:paragraph --><!-- wp:paragraph --><\/p>\n<p>Instagram i\u015fletme profilinizde sa\u011f \u00fcst k\u00f6\u015fede bulunan 3 \u00e7izgi (men\u00fc a\u00e7ma sekmesi) \u00fczerine dokununca a\u00e7\u0131lan men\u00fcden s\u0131ras\u0131yla i\u015fletme ayarlar\u0131- al\u0131\u015fveri\u015f \u2013 devam se\u00e7ene\u011fini i\u015faretleyin.<\/p>\n<p><!-- \/wp:paragraph --><!-- wp:paragraph --><\/p>\n<p>A\u00e7\u0131lan men\u00fcden Instashop ile kullanmak istedi\u011finiz katalo\u011fu se\u00e7in ( entegre i\u015flemini ger\u00e7ekle\u015ftirip onay ald\u0131\u011f\u0131n\u0131z Facebook katalo\u011fu)<\/p>\n<p><!-- \/wp:paragraph --><!-- wp:paragraph --><\/p>\n<p>Bu i\u015flem ile birlikte art\u0131k profiliniz g\u00f6nderi ya da hikayelerde \u00fcr\u00fcn etiketleme yapabilmeniz i\u00e7in haz\u0131r hale gelecektir.<\/p>\n<p><!-- \/wp:paragraph --><!-- wp:paragraph --><\/p>\n<p>Instashop kurulumu i\u00e7in <a href=\"https:\/\/socialmedify.co\/contact\/\">Social Medify ekibimizden destek isteyebilirsiniz<\/a>.<\/p>\n<p>Sosyal medya paketleri ve fiyatlar\u0131na <a href=\"https:\/\/socialmedify.co\/sosyal-medya-yonetimi\/sosyal-medya-yonetimi-fiyatlari\/\">buradan ula\u015fabilirsiniz.<\/a><\/p>\n<p><!-- \/wp:paragraph --><\/p>\t\t\t\t\t<\/div>\n\t\t\t\t\t\t<\/div>\n\t\t\t\t<\/div>\n\t\t\t\t\t\t<\/div>\n\t\t\t\t\t<\/div>\n\t\t<\/div>\n\t\t\t\t\t\t\t\t<\/div>\n\t\t\t\t\t<\/div>\n\t\t<\/section>\n\t\t\t\t\t\t<\/div>\n\t\t\t\t\t\t<\/div>\n\t\t\t\t\t<\/div>\n\t\t","protected":false},"excerpt":{"rendered":"<p>Sosyal Medya Y\u00f6netimi Fiyatlar\u0131 i\u00e7in T\u0131klay\u0131n influencerbul&#8217;da \u00dccretsiz \u0130lan ver Instashop yani instagram ma\u011faza butonu art\u0131k T\u00fcrkiye&#8217;de aktif! Instagram al\u0131\u015fveri\u015f \u00f6zelli\u011fi ile katalo\u011funuzda bulunan \u00fcr\u00fcnleri kendi profilinize entegre edebilir, profilinizi ziyaret eden kullan\u0131c\u0131lara do\u011frudan tan\u0131t\u0131m yapar ve i\u015finizi b\u00fcy\u00fcterek gelirinizi y\u00fckseltebilirsiniz. Instagram kullan\u0131c\u0131 say\u0131s\u0131 dikkate al\u0131nd\u0131\u011f\u0131nda ve bu geni\u015f \u00e7apl\u0131 kullan\u0131c\u0131 kitlesinin her g\u00fcn i\u015fletme &hellip;<\/p>\n<p class=\"read-more\"> <a class=\"\" href=\"https:\/\/socialmedify.co\/sosyal-medya-yonetimi\/instashop-nedir-nasil-kurulur\/\"> <span class=\"screen-reader-text\">InstaShop nedir? \u0131nstagram ma\u011faza butonu<\/span> Read More &raquo;<\/a><\/p>\n","protected":false},"author":1,"featured_media":891,"comment_status":"open","ping_status":"open","sticky":false,"template":"","format":"standard","meta":{"_uag_custom_page_level_css":"","footnotes":""},"categories":[36],"tags":[32,33,35,28,34],"class_list":["post-890","post","type-post","status-publish","format-standard","has-post-thumbnail","hentry","category-instagram","tag-insatgramshopping","tag-instagram","tag-instagram-alisveris-ozelligi","tag-instashop","tag-katalog"],"aioseo_notices":[],"uagb_featured_image_src":{"full":["https:\/\/socialmedify.co\/wp-content\/uploads\/2019\/12\/instashop.jpg",800,450,false],"thumbnail":["https:\/\/socialmedify.co\/wp-content\/uploads\/2019\/12\/instashop-150x150.jpg",150,150,true],"medium":["https:\/\/socialmedify.co\/wp-content\/uploads\/2019\/12\/instashop-300x169.jpg",300,169,true],"medium_large":["https:\/\/socialmedify.co\/wp-content\/uploads\/2019\/12\/instashop-768x432.jpg",768,432,true],"large":["https:\/\/socialmedify.co\/wp-content\/uploads\/2019\/12\/instashop.jpg",800,450,false],"1536x1536":["https:\/\/socialmedify.co\/wp-content\/uploads\/2019\/12\/instashop.jpg",800,450,false],"2048x2048":["https:\/\/socialmedify.co\/wp-content\/uploads\/2019\/12\/instashop.jpg",800,450,false],"woocommerce_thumbnail":["https:\/\/socialmedify.co\/wp-content\/uploads\/2019\/12\/instashop-300x300.jpg",300,300,true],"woocommerce_single":["https:\/\/socialmedify.co\/wp-content\/uploads\/2019\/12\/instashop-600x338.jpg",600,338,true],"woocommerce_gallery_thumbnail":["https:\/\/socialmedify.co\/wp-content\/uploads\/2019\/12\/instashop-100x100.jpg",100,100,true],"shop_catalog":["https:\/\/socialmedify.co\/wp-content\/uploads\/2019\/12\/instashop-300x300.jpg",300,300,true],"shop_single":["https:\/\/socialmedify.co\/wp-content\/uploads\/2019\/12\/instashop.jpg",600,338,false],"shop_thumbnail":["https:\/\/socialmedify.co\/wp-content\/uploads\/2019\/12\/instashop-100x100.jpg",100,100,true]},"uagb_author_info":{"display_name":"mustafa","author_link":"https:\/\/socialmedify.co\/sosyal-medya-yonetimi\/author\/1jllb\/"},"uagb_comment_info":3,"uagb_excerpt":"Sosyal Medya Y\u00f6netimi Fiyatlar\u0131 i\u00e7in T\u0131klay\u0131n influencerbul&#8217;da \u00dccretsiz \u0130lan ver Instashop yani instagram ma\u011faza butonu art\u0131k T\u00fcrkiye&#8217;de aktif! Instagram al\u0131\u015fveri\u015f \u00f6zelli\u011fi ile katalo\u011funuzda bulunan \u00fcr\u00fcnleri kendi profilinize entegre edebilir, profilinizi ziyaret eden kullan\u0131c\u0131lara do\u011frudan tan\u0131t\u0131m yapar ve i\u015finizi b\u00fcy\u00fcterek gelirinizi y\u00fckseltebilirsiniz. Instagram kullan\u0131c\u0131 say\u0131s\u0131 dikkate al\u0131nd\u0131\u011f\u0131nda ve bu geni\u015f \u00e7apl\u0131 kullan\u0131c\u0131 kitlesinin her g\u00fcn i\u015fletme&hellip;","_links":{"self":[{"href":"https:\/\/socialmedify.co\/sosyal-medya-yonetimi\/wp-json\/wp\/v2\/posts\/890"}],"collection":[{"href":"https:\/\/socialmedify.co\/sosyal-medya-yonetimi\/wp-json\/wp\/v2\/posts"}],"about":[{"href":"https:\/\/socialmedify.co\/sosyal-medya-yonetimi\/wp-json\/wp\/v2\/types\/post"}],"author":[{"embeddable":true,"href":"https:\/\/socialmedify.co\/sosyal-medya-yonetimi\/wp-json\/wp\/v2\/users\/1"}],"replies":[{"embeddable":true,"href":"https:\/\/socialmedify.co\/sosyal-medya-yonetimi\/wp-json\/wp\/v2\/comments?post=890"}],"version-history":[{"count":0,"href":"https:\/\/socialmedify.co\/sosyal-medya-yonetimi\/wp-json\/wp\/v2\/posts\/890\/revisions"}],"wp:featuredmedia":[{"embeddable":true,"href":"https:\/\/socialmedify.co\/sosyal-medya-yonetimi\/wp-json\/wp\/v2\/media\/891"}],"wp:attachment":[{"href":"https:\/\/socialmedify.co\/sosyal-medya-yonetimi\/wp-json\/wp\/v2\/media?parent=890"}],"wp:term":[{"taxonomy":"category","embeddable":true,"href":"https:\/\/socialmedify.co\/sosyal-medya-yonetimi\/wp-json\/wp\/v2\/categories?post=890"},{"taxonomy":"post_tag","embeddable":true,"href":"https:\/\/socialmedify.co\/sosyal-medya-yonetimi\/wp-json\/wp\/v2\/tags?post=890"}],"curies":[{"name":"wp","href":"https:\/\/api.w.org\/{rel}","templated":true}]}}